{"id":10154,"date":"2026-01-12T18:55:26","date_gmt":"2026-01-12T18:55:26","guid":{"rendered":"https:\/\/www.webbycanarias.com\/?p=10154"},"modified":"2026-03-12T19:03:23","modified_gmt":"2026-03-12T19:03:23","slug":"los-sistemas-cms-consolidan-su-dominio-en-la-web-global","status":"publish","type":"post","link":"https:\/\/www.webbycanarias.com\/en\/los-sistemas-cms-consolidan-su-dominio-en-la-web-global\/","title":{"rendered":"Los sistemas CMS consolidan su dominio en la web global"},"content":{"rendered":"<p>El Web Almanac 2025 revela que m\u00e1s de la mitad de sitios globales usan CMS, reforzando su rol en desarrollo web. La presencia de sistemas de gesti\u00f3n de contenidos contin\u00faa creciendo en internet, convirti\u00e9ndose en una de las bases principales para la creaci\u00f3n y administraci\u00f3n de sitios web en todo el mundo.<\/p>\n<p>Los datos m\u00e1s recientes sobre el estado de la web muestran que m\u00e1s de la mitad de las p\u00e1ginas activas utilizan actualmente alg\u00fan tipo de CMS para organizar y publicar contenidos digitales. Esta tendencia confirma la relevancia de estas plataformas en el desarrollo web moderno.<\/p>\n<p>Durante los \u00faltimos a\u00f1os, el uso de gestores de contenidos ha experimentado un aumento constante. Entre 2021 y 2025, su presencia se expandi\u00f3 de forma notable, impulsada por la facilidad que ofrecen para administrar proyectos online sin necesidad de desarrollar cada elemento desde cero.<\/p>\n<p>El crecimiento tambi\u00e9n se refleja en la mejora del rendimiento de muchas de estas plataformas. Las versiones m\u00e1s recientes incorporan optimizaciones que favorecen la velocidad de carga, la estabilidad visual y la interacci\u00f3n con los usuarios.<\/p>\n<p>Este avance tecnol\u00f3gico ha reforzado la confianza de dise\u00f1adores y desarrolladores que buscan herramientas capaces de adaptarse a proyectos de gran escala, desde p\u00e1ginas informativas hasta servicios digitales complejos.<\/p>\n<p>Otra de las tendencias en expansi\u00f3n es la adopci\u00f3n de arquitecturas desacopladas o headless, que permiten separar la gesti\u00f3n de contenidos del dise\u00f1o y la presentaci\u00f3n del sitio. Esta estrategia aporta mayor flexibilidad para publicar informaci\u00f3n en diferentes dispositivos y plataformas.<\/p>\n<p>Adem\u00e1s, los sistemas CMS han dejado de limitarse a blogs o p\u00e1ginas personales. Hoy forman parte de infraestructuras digitales utilizadas por empresas, medios de comunicaci\u00f3n y plataformas de comercio electr\u00f3nico.<\/p>\n<p>Ante este escenario, los profesionales del desarrollo web se enfrentan al reto de dominar tanto las herramientas tradicionales como las nuevas soluciones tecnol\u00f3gicas que est\u00e1n redefiniendo el ecosistema digital.<\/p>","protected":false},"excerpt":{"rendered":"<p>El Web Almanac 2025 revela que m\u00e1s de la mitad de sitios globales usan CMS, reforzando su rol en desarrollo web. La presencia de sistemas de gesti\u00f3n de contenidos contin\u00faa creciendo en internet, convirti\u00e9ndose en una de las bases principales para la creaci\u00f3n y administraci\u00f3n de sitios web en todo el mundo. Los datos m\u00e1s [&hellip;]<\/p>","protected":false},"author":2,"featured_media":10156,"comment_status":"open","ping_status":"closed","sticky":false,"template":"","format":"standard","meta":{"footnotes":""},"categories":[59,263],"tags":[279,280,281],"class_list":["post-10154","post","type-post","status-publish","format-standard","has-post-thumbnail","hentry","category-blog","category-noticias","tag-cms","tag-sistemas-de-gestion-de-contenidos","tag-web-almanac-2025"],"yoast_head":"<!-- This site is optimized with the Yoast SEO plugin v27.4 - https:\/\/yoast.com\/product\/yoast-seo-wordpress\/ -->\n<title>Los sistemas CMS consolidan su dominio en la web global | Web By Canarias<\/title>\n<meta name=\"description\" content=\"Dise\u00f1o y p\u00e1ginas web, app m\u00f3viles, servidor propio en y para Canarias.\" \/>\n<meta name=\"robots\" content=\"index, follow, max-snippet:-1, max-image-preview:large, max-video-preview:-1\" \/>\n<link rel=\"canonical\" href=\"https:\/\/www.webbycanarias.com\/en\/los-sistemas-cms-consolidan-su-dominio-en-la-web-global\/\" \/>\n<meta property=\"og:locale\" content=\"en_GB\" \/>\n<meta property=\"og:type\" content=\"article\" \/>\n<meta property=\"og:title\" content=\"Los sistemas CMS consolidan su dominio en la web global | Web By Canarias\" \/>\n<meta property=\"og:description\" content=\"Dise\u00f1o y p\u00e1ginas web, app m\u00f3viles, servidor propio en y para Canarias.\" \/>\n<meta property=\"og:url\" content=\"https:\/\/www.webbycanarias.com\/en\/los-sistemas-cms-consolidan-su-dominio-en-la-web-global\/\" \/>\n<meta property=\"og:site_name\" content=\"WBBYC\" \/>\n<meta property=\"article:publisher\" content=\"https:\/\/www.facebook.com\/webbycanarias\" \/>\n<meta property=\"article:published_time\" content=\"2026-01-12T18:55:26+00:00\" \/>\n<meta property=\"article:modified_time\" content=\"2026-03-12T19:03:23+00:00\" \/>\n<meta property=\"og:image\" content=\"https:\/\/www.webbycanarias.com\/wp-content\/uploads\/2026\/03\/dominio-cms-web.jpg\" \/>\n\t<meta property=\"og:image:width\" content=\"800\" \/>\n\t<meta property=\"og:image:height\" content=\"600\" \/>\n\t<meta property=\"og:image:type\" content=\"image\/jpeg\" \/>\n<meta name=\"author\" content=\"admin\" \/>\n<meta name=\"twitter:card\" content=\"summary_large_image\" \/>\n<meta name=\"twitter:label1\" content=\"Written by\" \/>\n\t<meta name=\"twitter:data1\" content=\"admin\" \/>\n\t<meta name=\"twitter:label2\" content=\"Estimated reading time\" \/>\n\t<meta name=\"twitter:data2\" content=\"2 minutes\" \/>\n<script type=\"application\/ld+json\" class=\"yoast-schema-graph\">{\"@context\":\"https:\\\/\\\/schema.org\",\"@graph\":[{\"@type\":\"Article\",\"@id\":\"https:\\\/\\\/www.webbycanarias.com\\\/los-sistemas-cms-consolidan-su-dominio-en-la-web-global\\\/#article\",\"isPartOf\":{\"@id\":\"https:\\\/\\\/www.webbycanarias.com\\\/los-sistemas-cms-consolidan-su-dominio-en-la-web-global\\\/\"},\"author\":{\"name\":\"admin\",\"@id\":\"https:\\\/\\\/www.webbycanarias.com\\\/#\\\/schema\\\/person\\\/435bfefa65f2bfa7d8b91e0476518f6f\"},\"headline\":\"Los sistemas CMS consolidan su dominio en la web global\",\"datePublished\":\"2026-01-12T18:55:26+00:00\",\"dateModified\":\"2026-03-12T19:03:23+00:00\",\"mainEntityOfPage\":{\"@id\":\"https:\\\/\\\/www.webbycanarias.com\\\/los-sistemas-cms-consolidan-su-dominio-en-la-web-global\\\/\"},\"wordCount\":342,\"commentCount\":0,\"publisher\":{\"@id\":\"https:\\\/\\\/www.webbycanarias.com\\\/#organization\"},\"image\":{\"@id\":\"https:\\\/\\\/www.webbycanarias.com\\\/los-sistemas-cms-consolidan-su-dominio-en-la-web-global\\\/#primaryimage\"},\"thumbnailUrl\":\"https:\\\/\\\/www.webbycanarias.com\\\/wp-content\\\/uploads\\\/2026\\\/03\\\/dominio-cms-web.jpg\",\"keywords\":[\"CMS\",\"sistemas de gesti\u00f3n de contenidos\",\"Web Almanac 2025\"],\"articleSection\":[\"Blog\",\"Noticias\"],\"inLanguage\":\"en-GB\",\"potentialAction\":[{\"@type\":\"CommentAction\",\"name\":\"Comment\",\"target\":[\"https:\\\/\\\/www.webbycanarias.com\\\/los-sistemas-cms-consolidan-su-dominio-en-la-web-global\\\/#respond\"]}]},{\"@type\":\"WebPage\",\"@id\":\"https:\\\/\\\/www.webbycanarias.com\\\/los-sistemas-cms-consolidan-su-dominio-en-la-web-global\\\/\",\"url\":\"https:\\\/\\\/www.webbycanarias.com\\\/los-sistemas-cms-consolidan-su-dominio-en-la-web-global\\\/\",\"name\":\"Los sistemas CMS consolidan su dominio en la web global | Web By Canarias\",\"isPartOf\":{\"@id\":\"https:\\\/\\\/www.webbycanarias.com\\\/#website\"},\"primaryImageOfPage\":{\"@id\":\"https:\\\/\\\/www.webbycanarias.com\\\/los-sistemas-cms-consolidan-su-dominio-en-la-web-global\\\/#primaryimage\"},\"image\":{\"@id\":\"https:\\\/\\\/www.webbycanarias.com\\\/los-sistemas-cms-consolidan-su-dominio-en-la-web-global\\\/#primaryimage\"},\"thumbnailUrl\":\"https:\\\/\\\/www.webbycanarias.com\\\/wp-content\\\/uploads\\\/2026\\\/03\\\/dominio-cms-web.jpg\",\"datePublished\":\"2026-01-12T18:55:26+00:00\",\"dateModified\":\"2026-03-12T19:03:23+00:00\",\"description\":\"Dise\u00f1o y p\u00e1ginas web, app m\u00f3viles, servidor propio en y para Canarias.\",\"breadcrumb\":{\"@id\":\"https:\\\/\\\/www.webbycanarias.com\\\/los-sistemas-cms-consolidan-su-dominio-en-la-web-global\\\/#breadcrumb\"},\"inLanguage\":\"en-GB\",\"potentialAction\":[{\"@type\":\"ReadAction\",\"target\":[\"https:\\\/\\\/www.webbycanarias.com\\\/los-sistemas-cms-consolidan-su-dominio-en-la-web-global\\\/\"]}]},{\"@type\":\"ImageObject\",\"inLanguage\":\"en-GB\",\"@id\":\"https:\\\/\\\/www.webbycanarias.com\\\/los-sistemas-cms-consolidan-su-dominio-en-la-web-global\\\/#primaryimage\",\"url\":\"https:\\\/\\\/www.webbycanarias.com\\\/wp-content\\\/uploads\\\/2026\\\/03\\\/dominio-cms-web.jpg\",\"contentUrl\":\"https:\\\/\\\/www.webbycanarias.com\\\/wp-content\\\/uploads\\\/2026\\\/03\\\/dominio-cms-web.jpg\",\"width\":800,\"height\":600,\"caption\":\"Los sistemas de gesti\u00f3n de contenidos mandan en internet.\"},{\"@type\":\"BreadcrumbList\",\"@id\":\"https:\\\/\\\/www.webbycanarias.com\\\/los-sistemas-cms-consolidan-su-dominio-en-la-web-global\\\/#breadcrumb\",\"itemListElement\":[{\"@type\":\"ListItem\",\"position\":1,\"name\":\"Portada\",\"item\":\"https:\\\/\\\/www.webbycanarias.com\\\/\"},{\"@type\":\"ListItem\",\"position\":2,\"name\":\"Los sistemas CMS consolidan su dominio en la web global\"}]},{\"@type\":\"WebSite\",\"@id\":\"https:\\\/\\\/www.webbycanarias.com\\\/#website\",\"url\":\"https:\\\/\\\/www.webbycanarias.com\\\/\",\"name\":\"webbycanarias.com\",\"description\":\"\",\"publisher\":{\"@id\":\"https:\\\/\\\/www.webbycanarias.com\\\/#organization\"},\"potentialAction\":[{\"@type\":\"SearchAction\",\"target\":{\"@type\":\"EntryPoint\",\"urlTemplate\":\"https:\\\/\\\/www.webbycanarias.com\\\/?s={search_term_string}\"},\"query-input\":{\"@type\":\"PropertyValueSpecification\",\"valueRequired\":true,\"valueName\":\"search_term_string\"}}],\"inLanguage\":\"en-GB\"},{\"@type\":\"Organization\",\"@id\":\"https:\\\/\\\/www.webbycanarias.com\\\/#organization\",\"name\":\"Web By Canarias\",\"url\":\"https:\\\/\\\/www.webbycanarias.com\\\/\",\"logo\":{\"@type\":\"ImageObject\",\"inLanguage\":\"en-GB\",\"@id\":\"https:\\\/\\\/www.webbycanarias.com\\\/#\\\/schema\\\/logo\\\/image\\\/\",\"url\":\"https:\\\/\\\/www.webbycanarias.com\\\/wp-content\\\/uploads\\\/2023\\\/11\\\/WBBYC_LogoC.png\",\"contentUrl\":\"https:\\\/\\\/www.webbycanarias.com\\\/wp-content\\\/uploads\\\/2023\\\/11\\\/WBBYC_LogoC.png\",\"width\":1900,\"height\":1900,\"caption\":\"Web By Canarias\"},\"image\":{\"@id\":\"https:\\\/\\\/www.webbycanarias.com\\\/#\\\/schema\\\/logo\\\/image\\\/\"},\"sameAs\":[\"https:\\\/\\\/www.facebook.com\\\/webbycanarias\"]},{\"@type\":\"Person\",\"@id\":\"https:\\\/\\\/www.webbycanarias.com\\\/#\\\/schema\\\/person\\\/435bfefa65f2bfa7d8b91e0476518f6f\",\"name\":\"admin\",\"image\":{\"@type\":\"ImageObject\",\"inLanguage\":\"en-GB\",\"@id\":\"https:\\\/\\\/secure.gravatar.com\\\/avatar\\\/9d5a8e85e81b0c4b47eb46309379484c93f0dd09329ddcd86deaff2739bc34f4?s=96&d=mm&r=g\",\"url\":\"https:\\\/\\\/secure.gravatar.com\\\/avatar\\\/9d5a8e85e81b0c4b47eb46309379484c93f0dd09329ddcd86deaff2739bc34f4?s=96&d=mm&r=g\",\"contentUrl\":\"https:\\\/\\\/secure.gravatar.com\\\/avatar\\\/9d5a8e85e81b0c4b47eb46309379484c93f0dd09329ddcd86deaff2739bc34f4?s=96&d=mm&r=g\",\"caption\":\"admin\"}}]}<\/script>\n<!-- \/ Yoast SEO plugin. -->","yoast_head_json":{"title":"Los sistemas CMS consolidan su dominio en la web global | Web By Canarias","description":"Dise\u00f1o y p\u00e1ginas web, app m\u00f3viles, servidor propio en y para Canarias.","robots":{"index":"index","follow":"follow","max-snippet":"max-snippet:-1","max-image-preview":"max-image-preview:large","max-video-preview":"max-video-preview:-1"},"canonical":"https:\/\/www.webbycanarias.com\/en\/los-sistemas-cms-consolidan-su-dominio-en-la-web-global\/","og_locale":"en_GB","og_type":"article","og_title":"Los sistemas CMS consolidan su dominio en la web global | Web By Canarias","og_description":"Dise\u00f1o y p\u00e1ginas web, app m\u00f3viles, servidor propio en y para Canarias.","og_url":"https:\/\/www.webbycanarias.com\/en\/los-sistemas-cms-consolidan-su-dominio-en-la-web-global\/","og_site_name":"WBBYC","article_publisher":"https:\/\/www.facebook.com\/webbycanarias","article_published_time":"2026-01-12T18:55:26+00:00","article_modified_time":"2026-03-12T19:03:23+00:00","og_image":[{"width":800,"height":600,"url":"https:\/\/www.webbycanarias.com\/wp-content\/uploads\/2026\/03\/dominio-cms-web.jpg","type":"image\/jpeg"}],"author":"admin","twitter_card":"summary_large_image","twitter_misc":{"Written by":"admin","Estimated reading time":"2 minutes"},"schema":{"@context":"https:\/\/schema.org","@graph":[{"@type":"Article","@id":"https:\/\/www.webbycanarias.com\/los-sistemas-cms-consolidan-su-dominio-en-la-web-global\/#article","isPartOf":{"@id":"https:\/\/www.webbycanarias.com\/los-sistemas-cms-consolidan-su-dominio-en-la-web-global\/"},"author":{"name":"admin","@id":"https:\/\/www.webbycanarias.com\/#\/schema\/person\/435bfefa65f2bfa7d8b91e0476518f6f"},"headline":"Los sistemas CMS consolidan su dominio en la web global","datePublished":"2026-01-12T18:55:26+00:00","dateModified":"2026-03-12T19:03:23+00:00","mainEntityOfPage":{"@id":"https:\/\/www.webbycanarias.com\/los-sistemas-cms-consolidan-su-dominio-en-la-web-global\/"},"wordCount":342,"commentCount":0,"publisher":{"@id":"https:\/\/www.webbycanarias.com\/#organization"},"image":{"@id":"https:\/\/www.webbycanarias.com\/los-sistemas-cms-consolidan-su-dominio-en-la-web-global\/#primaryimage"},"thumbnailUrl":"https:\/\/www.webbycanarias.com\/wp-content\/uploads\/2026\/03\/dominio-cms-web.jpg","keywords":["CMS","sistemas de gesti\u00f3n de contenidos","Web Almanac 2025"],"articleSection":["Blog","Noticias"],"inLanguage":"en-GB","potentialAction":[{"@type":"CommentAction","name":"Comment","target":["https:\/\/www.webbycanarias.com\/los-sistemas-cms-consolidan-su-dominio-en-la-web-global\/#respond"]}]},{"@type":"WebPage","@id":"https:\/\/www.webbycanarias.com\/los-sistemas-cms-consolidan-su-dominio-en-la-web-global\/","url":"https:\/\/www.webbycanarias.com\/los-sistemas-cms-consolidan-su-dominio-en-la-web-global\/","name":"Los sistemas CMS consolidan su dominio en la web global | Web By Canarias","isPartOf":{"@id":"https:\/\/www.webbycanarias.com\/#website"},"primaryImageOfPage":{"@id":"https:\/\/www.webbycanarias.com\/los-sistemas-cms-consolidan-su-dominio-en-la-web-global\/#primaryimage"},"image":{"@id":"https:\/\/www.webbycanarias.com\/los-sistemas-cms-consolidan-su-dominio-en-la-web-global\/#primaryimage"},"thumbnailUrl":"https:\/\/www.webbycanarias.com\/wp-content\/uploads\/2026\/03\/dominio-cms-web.jpg","datePublished":"2026-01-12T18:55:26+00:00","dateModified":"2026-03-12T19:03:23+00:00","description":"Dise\u00f1o y p\u00e1ginas web, app m\u00f3viles, servidor propio en y para Canarias.","breadcrumb":{"@id":"https:\/\/www.webbycanarias.com\/los-sistemas-cms-consolidan-su-dominio-en-la-web-global\/#breadcrumb"},"inLanguage":"en-GB","potentialAction":[{"@type":"ReadAction","target":["https:\/\/www.webbycanarias.com\/los-sistemas-cms-consolidan-su-dominio-en-la-web-global\/"]}]},{"@type":"ImageObject","inLanguage":"en-GB","@id":"https:\/\/www.webbycanarias.com\/los-sistemas-cms-consolidan-su-dominio-en-la-web-global\/#primaryimage","url":"https:\/\/www.webbycanarias.com\/wp-content\/uploads\/2026\/03\/dominio-cms-web.jpg","contentUrl":"https:\/\/www.webbycanarias.com\/wp-content\/uploads\/2026\/03\/dominio-cms-web.jpg","width":800,"height":600,"caption":"Los sistemas de gesti\u00f3n de contenidos mandan en internet."},{"@type":"BreadcrumbList","@id":"https:\/\/www.webbycanarias.com\/los-sistemas-cms-consolidan-su-dominio-en-la-web-global\/#breadcrumb","itemListElement":[{"@type":"ListItem","position":1,"name":"Portada","item":"https:\/\/www.webbycanarias.com\/"},{"@type":"ListItem","position":2,"name":"Los sistemas CMS consolidan su dominio en la web global"}]},{"@type":"WebSite","@id":"https:\/\/www.webbycanarias.com\/#website","url":"https:\/\/www.webbycanarias.com\/","name":"webbycanarias.com","description":"","publisher":{"@id":"https:\/\/www.webbycanarias.com\/#organization"},"potentialAction":[{"@type":"SearchAction","target":{"@type":"EntryPoint","urlTemplate":"https:\/\/www.webbycanarias.com\/?s={search_term_string}"},"query-input":{"@type":"PropertyValueSpecification","valueRequired":true,"valueName":"search_term_string"}}],"inLanguage":"en-GB"},{"@type":"Organization","@id":"https:\/\/www.webbycanarias.com\/#organization","name":"Web By Canarias","url":"https:\/\/www.webbycanarias.com\/","logo":{"@type":"ImageObject","inLanguage":"en-GB","@id":"https:\/\/www.webbycanarias.com\/#\/schema\/logo\/image\/","url":"https:\/\/www.webbycanarias.com\/wp-content\/uploads\/2023\/11\/WBBYC_LogoC.png","contentUrl":"https:\/\/www.webbycanarias.com\/wp-content\/uploads\/2023\/11\/WBBYC_LogoC.png","width":1900,"height":1900,"caption":"Web By Canarias"},"image":{"@id":"https:\/\/www.webbycanarias.com\/#\/schema\/logo\/image\/"},"sameAs":["https:\/\/www.facebook.com\/webbycanarias"]},{"@type":"Person","@id":"https:\/\/www.webbycanarias.com\/#\/schema\/person\/435bfefa65f2bfa7d8b91e0476518f6f","name":"admin","image":{"@type":"ImageObject","inLanguage":"en-GB","@id":"https:\/\/secure.gravatar.com\/avatar\/9d5a8e85e81b0c4b47eb46309379484c93f0dd09329ddcd86deaff2739bc34f4?s=96&d=mm&r=g","url":"https:\/\/secure.gravatar.com\/avatar\/9d5a8e85e81b0c4b47eb46309379484c93f0dd09329ddcd86deaff2739bc34f4?s=96&d=mm&r=g","contentUrl":"https:\/\/secure.gravatar.com\/avatar\/9d5a8e85e81b0c4b47eb46309379484c93f0dd09329ddcd86deaff2739bc34f4?s=96&d=mm&r=g","caption":"admin"}}]}},"_links":{"self":[{"href":"https:\/\/www.webbycanarias.com\/en\/wp-json\/wp\/v2\/posts\/10154","targetHints":{"allow":["GET"]}}],"collection":[{"href":"https:\/\/www.webbycanarias.com\/en\/wp-json\/wp\/v2\/posts"}],"about":[{"href":"https:\/\/www.webbycanarias.com\/en\/wp-json\/wp\/v2\/types\/post"}],"author":[{"embeddable":true,"href":"https:\/\/www.webbycanarias.com\/en\/wp-json\/wp\/v2\/users\/2"}],"replies":[{"embeddable":true,"href":"https:\/\/www.webbycanarias.com\/en\/wp-json\/wp\/v2\/comments?post=10154"}],"version-history":[{"count":0,"href":"https:\/\/www.webbycanarias.com\/en\/wp-json\/wp\/v2\/posts\/10154\/revisions"}],"wp:featuredmedia":[{"embeddable":true,"href":"https:\/\/www.webbycanarias.com\/en\/wp-json\/wp\/v2\/media\/10156"}],"wp:attachment":[{"href":"https:\/\/www.webbycanarias.com\/en\/wp-json\/wp\/v2\/media?parent=10154"}],"wp:term":[{"taxonomy":"category","embeddable":true,"href":"https:\/\/www.webbycanarias.com\/en\/wp-json\/wp\/v2\/categories?post=10154"},{"taxonomy":"post_tag","embeddable":true,"href":"https:\/\/www.webbycanarias.com\/en\/wp-json\/wp\/v2\/tags?post=10154"}],"curies":[{"name":"wp","href":"https:\/\/api.w.org\/{rel}","templated":true}]}}